{"item":{"id":741,"categoria_id":"5","categoria":{"id":5,"nome":"CULTURA"},"autor_id":"4","autor":{"id":4,"nome":"ASCOM","email":"secom@gloria.se.gov.br"},"titulo":"Confira as fotos do segundo dia do Carnaforr\u00f3 2026","slug":"confira-as-fotos-do-segundo-dia-do-carnaforro-2026","subtitulo":"Quatro atra\u00e7\u00f5es levaram uma multid\u00e3o para pra\u00e7a de eventos","imagem":"\/img\/imagem\/segundodiado-carnaforro2026_9e55483c6537154e46b4adb8.jpg,\/img\/imagem\/media_segundodiado-carnaforro2026_9e55483c6537154e46b4adb8.jpg,\/img\/imagem\/thumb_segundodiado-carnaforro2026_9e55483c6537154e46b4adb8.jpg,\/img\/imagem\/thumb_fix_segundodiado-carnaforro2026_9e55483c6537154e46b4adb8.jpg","texto":"\u003Cp\u003E\u003Cimg style=\u0022display: block; margin-left: auto; margin-right: auto;\u0022 src=\u0022https:\/\/gloria.se.gov.br\/img\/imagem\/media_segundodiado-carnaforro2026_9e55483c6537154e46b4adb8.jpg\u0022 alt=\u0022segundodiado-carnaforro2026_9e55483c6537154e46b4adb8.jpg\u0022 width=\u0022600\u0022 height=\u0022400\u0022 \/\u003E\u003C\/p\u003E\r\n\u003Cp style=\u0022text-align: justify;\u0022\u003ECom a pra\u0026ccedil;a de eventos lotada, a segunda noite do Carnaforr\u0026oacute; 2026 - Folia e Forr\u0026oacute; Numa Festa S\u0026oacute;, foi um verdadeiro sucesso, tendo como atra\u0026ccedil;\u0026otilde;es, a prata da casa, C\u0026eacute;sar Silva, Jonas Esticado, Unha Pintada e Fernandinha.\u0026nbsp;\u003C\/p\u003E\r\n\u003Cp style=\u0022text-align: justify;\u0022\u003E\u003Cstrong\u003EConfira todas as fotos do primeiro dia clicando \u003Ca href=\u0022https:\/\/gloria.se.gov.br\/galeria\/7\/segundo-dia-do-carnaforro\u0022\u003Eaqui\u003C\/a\u003E.\u003C\/strong\u003E\u003C\/p\u003E","tags":"Segundo dia ,Carnaforr\u00f3 ,Folia e Forr\u00f3 ,Tradi\u00e7\u00e3o ,Fotos","publicacao":"2026-04-26 20:45:00","criado":"2026-04-26 20:45:51","alterado":"2026-04-26 20:48:01"},"outros":[{"id":740,"categoria_id":"5","categoria":{"id":5,"nome":"CULTURA"},"autor_id":"4","autor":{"id":4,"nome":"ASCOM","email":"secom@gloria.se.gov.br"},"titulo":"Confira as fotos do primeiro dia do Carnaforr\u00f3 2026","slug":"confira-as-fotos-do-primeiro-dia-do-carnaforro-2026","subtitulo":"Cinco atra\u00e7\u00f5es fizeram a alegria do p\u00fablico presente","imagem":"\/img\/imagem\/capa-primeiro-dia_8c014ef8a20cc8e5e75d1e30eecda.jpg,\/img\/imagem\/media_capa-primeiro-dia_8c014ef8a20cc8e5e75d1e30eecda.jpg,\/img\/imagem\/thumb_capa-primeiro-dia_8c014ef8a20cc8e5e75d1e30eecda.jpg,\/img\/imagem\/thumb_fix_capa-primeiro-dia_8c014ef8a20cc8e5e75d1e30eecda.jpg","texto":"\u003Cp\u003E\u003Cimg style=\u0022display: block; margin-left: auto; margin-right: auto;\u0022 src=\u0022https:\/\/gloria.se.gov.br\/img\/imagem\/media_capa-primeiro-dia_8c014ef8a20cc8e5e75d1e30eecda.jpg\u0022 alt=\u0022capa-primeiro-dia_8c014ef8a20cc8e5e75d1e30eecda.jpg\u0022 width=\u0022491\u0022 height=\u0022327\u0022 \/\u003E\u003C\/p\u003E\r\n\u003Cp\u003ECom a pra\u0026ccedil;a de eventos lotada, a primeira noite do Carnaforr\u0026oacute; 2026 - Folia e Forr\u0026oacute; Numa Festa S\u0026oacute;, foi um verdadeiro sucesso, tendo como atra\u0026ccedil;\u0026otilde;es, a prata da casa, Lorrane Medrade, e primeira banda de forr\u0026oacute; eletr\u0026ocirc;nico rom\u0026acirc;ntico, Banda Magn\u0026iacute;ficos, L\u0026eacute;o Foguete, Rey Vaqueiro e Luanzinho Moraes.\u0026nbsp;\u003C\/p\u003E\r\n\u003Cp\u003E\u003Cstrong\u003EConfira todas as fotos do primeiro dia clicando \u003Ca href=\u0022https:\/\/gloria.se.gov.br\/galeria\/6\/primeira-dia-do-carnaforro-2026\u0022\u003Eaqui\u003C\/a\u003E.\u003C\/strong\u003E\u003Cbr \/\u003E\u0026nbsp;\u003C\/p\u003E","tags":"Carnaforr\u00f3 2026,Folia e Forr\u00f3,Festa ,Tradi\u00e7\u00e3o ,Economia ,Com\u00e9rcio Forte","publicacao":"2026-04-25 15:23:00","criado":"2026-04-25 15:23:00","alterado":"2026-04-25 15:29:53"},{"id":739,"categoria_id":"5","categoria":{"id":5,"nome":"CULTURA"},"autor_id":"4","autor":{"id":4,"nome":"ASCOM","email":"secom@gloria.se.gov.br"},"titulo":"Prefeitura de Gl\u00f3ria realiza 28\u00aa edi\u00e7\u00e3o do Carnaforr\u00f3","slug":"prefeitura-de-gloria-realiza-28a-edicao-do-carnaforro","subtitulo":"Festa acontece no pr\u00f3ximo final de semana","imagem":"\/img\/imagem\/235421265254_fa1531573a8b47778a339d5.jpg,\/img\/imagem\/media_235421265254_fa1531573a8b47778a339d5.jpg,\/img\/imagem\/thumb_235421265254_fa1531573a8b47778a339d5.jpg,\/img\/imagem\/thumb_fix_235421265254_fa1531573a8b47778a339d5.jpg","texto":"\u003Cp\u003E\u003Cimg style=\u0022display: block; margin-left: auto; margin-right: auto;\u0022 src=\u0022https:\/\/gloria.se.gov.br\/img\/imagem\/media_235421265254_fa1531573a8b47778a339d5.jpg\u0022 alt=\u0022235421265254_fa1531573a8b47778a339d5.jpg\u0022 width=\u0022600\u0022 height=\u0022400\u0022 \/\u003E\u003C\/p\u003E\r\n\u003Cp style=\u0022text-align: justify;\u0022\u003EA Prefeitura de Nossa Senhora da Gl\u0026oacute;ria promove a 28\u0026ordf; edi\u0026ccedil;\u0026atilde;o do Carnaforr\u0026oacute; nos dias 24, 25 e 26 de abril, na Pra\u0026ccedil;a de Eventos do munic\u0026iacute;pio. A festa movimenta a cidade com tr\u0026ecirc;s dias de m\u0026uacute;sica e grandes atra\u0026ccedil;\u0026otilde;es. A programa\u0026ccedil;\u0026atilde;o re\u0026uacute;ne shows no palco principal e arrast\u0026otilde;es com trio el\u0026eacute;trico. Milhares de moradores e visitantes de cidades vizinhas devem prestigiar o evento, j\u0026aacute; consolidado como um dos maiores da regi\u0026atilde;o.\u003C\/p\u003E\r\n\u003Cp style=\u0022text-align: justify;\u0022\u003ENa sexta-feira (24), sobem ao palco Lorrane Medrade, Magn\u0026iacute;ficos, L\u0026eacute;o Foguete e Rei Vaqueiro. No s\u0026aacute;bado (25), a festa come\u0026ccedil;a com arrast\u0026atilde;o no trio el\u0026eacute;trico com Lucas Brito e Filhos do Brasil. \u0026Agrave; noite, apresentam-se no palco L\u0026eacute;o Safad\u0026atilde;o, Jonas Esticado, Unha Pintada e Fernandinha. No domingo (26), o trio el\u0026eacute;trico encerra a programa\u0026ccedil;\u0026atilde;o com arrast\u0026otilde;es comandados por Matteus Crazy e L\u0026eacute;o Santana.\u003C\/p\u003E\r\n\u003Cp style=\u0022text-align: justify;\u0022\u003EA prefeita Luana Oliveira destacou a import\u0026acirc;ncia do evento para a economia local, o turismo e a valoriza\u0026ccedil;\u0026atilde;o da cultura gloriense. \u0026ldquo;O Carnaforr\u0026oacute; \u0026eacute; uma tradi\u0026ccedil;\u0026atilde;o em nossa cidade. Preparamos uma programa\u0026ccedil;\u0026atilde;o especial para receber a popula\u0026ccedil;\u0026atilde;o e os visitantes. A festa gera emprego e renda para comerciantes, ambulantes e prestadores de servi\u0026ccedil;o. Convido todos a curtirem o final de semana com seguran\u0026ccedil;a e responsabilidade\u0026rdquo;, afirmou Oliveira.\u003C\/p\u003E\r\n\u003Cp style=\u0022text-align: justify;\u0022\u003EO secret\u0026aacute;rio municipal de Governo, Jos\u0026eacute; Etelvan Oliveira Melo Junior, refor\u0026ccedil;ou a organiza\u0026ccedil;\u0026atilde;o do evento e a parceria com as for\u0026ccedil;as de seguran\u0026ccedil;a. \u0026ldquo;A Prefeitura trabalha na montagem da estrutura, na seguran\u0026ccedil;a e na limpeza. O Carnaforr\u0026oacute; 2026 ser\u0026aacute; um sucesso. A popula\u0026ccedil;\u0026atilde;o aproveitar\u0026aacute; a festa com conforto e tranquilidade. \u0026Eacute; a festa do povo gloriense, e o povo merece o melhor\u0026rdquo;, declarou Etelvan Junior.\u003C\/p\u003E\r\n\u003Cp style=\u0022text-align: justify;\u0022\u003E\u003Cem\u003E\u003Cstrong\u003EPor \u003C\/strong\u003EBruno Balbino Jornalista DRT 2039\/Se - Ascom Gl\u0026oacute;ria \/ \u003Cstrong\u003EImagem:\u003C\/strong\u003E Arquivo - Ascom Gl\u0026oacute;ria\u003C\/em\u003E\u003C\/p\u003E","tags":"Carnaforr\u00f3 ,Folia ,Forr\u00f3,Festa,Economia ,Cultura ,Tradi\u00e7\u00e3o ,28 anos","publicacao":"2026-04-22 13:45:41","criado":"2026-04-22 13:45:41","alterado":"2026-04-22 13:45:41"},{"id":738,"categoria_id":"7","categoria":{"id":7,"nome":"INFRAESTRUTURA"},"autor_id":"4","autor":{"id":4,"nome":"ASCOM","email":"secom@gloria.se.gov.br"},"titulo":"Povoado Angico recebe pavimenta\u00e7\u00e3o asf\u00e1ltica","slug":"povoado-angico-recebe-pavimentacao-asfaltica","subtitulo":"Mais de 10 mil m\u00b2 de asfalto foram aplicados na comunidade","imagem":"\/img\/imagem\/08_9cb9fa45e4193c0b53ad158e145.jpg,\/img\/imagem\/media_08_9cb9fa45e4193c0b53ad158e145.jpg,\/img\/imagem\/thumb_08_9cb9fa45e4193c0b53ad158e145.jpg,\/img\/imagem\/thumb_fix_08_9cb9fa45e4193c0b53ad158e145.jpg","texto":"\u003Cp\u003E\u003Cimg style=\u0022display: block; margin-left: auto; margin-right: auto;\u0022 src=\u0022https:\/\/gloria.se.gov.br\/img\/imagem\/media_08_9cb9fa45e4193c0b53ad158e145.jpg\u0022 alt=\u002208_9cb9fa45e4193c0b53ad158e145.jpg\u0022 width=\u0022600\u0022 height=\u0022400\u0022 \/\u003E\u003C\/p\u003E\r\n\u003Cp style=\u0022text-align: justify;\u0022\u003EA Prefeitura de Nossa Senhora da Gl\u0026oacute;ria realizou na \u0026uacute;ltima sexta-feira, 17, a entrega da pavimenta\u0026ccedil;\u0026atilde;o asf\u0026aacute;ltica do povoado Angico. Foram aplicados mais de 10 mil metros quadrados de asfalto, fruto de um investimento de R$ 1 milh\u0026atilde;o, proveniente de emenda parlamentar do deputado federal F\u0026aacute;bio Reis.\u003C\/p\u003E\r\n\u003Cp style=\u0022text-align: justify;\u0022\u003EA obra representa um marco no desenvolvimento da zona rural do munic\u0026iacute;pio, garantindo mais seguran\u0026ccedil;a, conforto e qualidade de vida para os moradores do Angico. O asfalto substitui o cal\u0026ccedil;amento em paralelep\u0026iacute;pedo, com diversos desn\u0026iacute;veis, dificultando o deslocamento dos moradores, o que prejudicava a acessibilidade e mobilidade da comunidade.\u003C\/p\u003E\r\n\u003Cp style=\u0022text-align: justify;\u0022\u003EA prefeita Luana Oliveira destacou a import\u0026acirc;ncia da obra para a comunidade e agradeceu ao deputado F\u0026aacute;bio Reis pelo apoio. \u0026ldquo;Entregar a pavimenta\u0026ccedil;\u0026atilde;o asf\u0026aacute;ltica do Angico \u0026eacute; realizar um sonho antigo dessa comunidade, um investimento que vai transformar a vida de todos os moradores. Agrade\u0026ccedil;o ao deputado federal F\u0026aacute;bio Reis, que destinou essa emenda t\u0026atilde;o importante para o nosso munic\u0026iacute;pio. Seguimos levando infraestrutura, dignidade e desenvolvimento para cada canto de Nossa Senhora da Gl\u0026oacute;ria\u0026rdquo;, afirmou Oliveira.\u003C\/p\u003E\r\n\u003Cp style=\u0022text-align: justify;\u0022\u003EA pavimenta\u0026ccedil;\u0026atilde;o do Angico integra o programa \u0026lsquo;Avan\u0026ccedil;a Gl\u0026oacute;ria\u0026rsquo;, que promove a melhoria e amplia\u0026ccedil;\u0026atilde;o da infraestrutura, que a gest\u0026atilde;o municipal vem executando em todo munic\u0026iacute;pio, com\u0026nbsp;investimentos em asfaltamento, pavimenta\u0026ccedil;\u0026atilde;o em paralelep\u0026iacute;pedo, constru\u0026ccedil;\u0026atilde;o de escolas, reforma de pra\u0026ccedil;as e melhorias em estradas vicinais.\u003C\/p\u003E\r\n\u003Cp style=\u0022text-align: justify;\u0022\u003EA comunidade do Angico celebrou a conquista. Moradores destacaram que o asfalto trouxe mais dignidade e valoriza\u0026ccedil;\u0026atilde;o para o povoado, facilitando o dia a dia de quem mora, trabalha e estuda na localidade. A Prefeitura de Nossa Senhora da Gl\u0026oacute;ria segue firme no prop\u0026oacute;sito de levar infraestrutura de qualidade a todos os povoados, construindo um futuro melhor para todos os gloriense.\u003C\/p\u003E\r\n\u003Cp\u003E\u003Cem\u003E\u003Cstrong\u003EPor \u003C\/strong\u003EBruno Balbino Jornalista DRT 2039\/Se - Ascom Gl\u0026oacute;ria \/ \u003Cstrong\u003EFotos:\u003C\/strong\u003E Evillyn Silva - Ascom Gl\u0026oacute;ria\u003C\/em\u003E\u003C\/p\u003E\r\n\u003Cp\u003E\u003Cem\u003E\u003Cimg src=\u0022https:\/\/gloria.se.gov.br\/img\/imagem\/thumb_01_63814aba607b1b64cb54.jpg\u0022 alt=\u002201_63814aba607b1b64cb54.jpg\u0022 width=\u0022300\u0022 height=\u0022200\u0022 \/\u003E\u003Cimg src=\u0022https:\/\/gloria.se.gov.br\/img\/imagem\/thumb_05_4df64eba298146124f220ea0f81431.jpg\u0022 alt=\u002205_4df64eba298146124f220ea0f81431.jpg\u0022 width=\u0022300\u0022 height=\u0022200\u0022 \/\u003E\u003Cimg src=\u0022https:\/\/gloria.se.gov.br\/img\/imagem\/thumb_04_a50998d4dc49835963a8.jpg\u0022 alt=\u002204_a50998d4dc49835963a8.jpg\u0022 width=\u0022300\u0022 height=\u0022200\u0022 \/\u003E\u003Cimg src=\u0022https:\/\/gloria.se.gov.br\/img\/imagem\/thumb_06_f6cbc5a5d12e928f3f9445b.jpg\u0022 alt=\u002206_f6cbc5a5d12e928f3f9445b.jpg\u0022 width=\u0022300\u0022 height=\u0022200\u0022 \/\u003E\u003Cimg src=\u0022https:\/\/gloria.se.gov.br\/img\/imagem\/thumb_03_57d35ade0fd45af446d39.jpg\u0022 alt=\u002203_57d35ade0fd45af446d39.jpg\u0022 width=\u0022300\u0022 height=\u0022200\u0022 \/\u003E\u003Cimg src=\u0022https:\/\/gloria.se.gov.br\/img\/imagem\/thumb_08_05bf98a5e74b1e636bb1d8cd20d2.jpg\u0022 alt=\u002208_05bf98a5e74b1e636bb1d8cd20d2.jpg\u0022 width=\u0022300\u0022 height=\u0022200\u0022 \/\u003E\u003C\/em\u003E\u003C\/p\u003E","tags":"Obras ,Pavimenta\u00e7\u00e3o ,Asfalto ,Angico,Investimento ,Emenda Parlamentar ,compromisso ,Infraestrutura","publicacao":"2026-04-20 15:20:00","criado":"2026-04-20 15:20:41","alterado":"2026-04-20 15:42:39"}]}